{"id":628,"date":"2026-01-03T17:22:39","date_gmt":"2026-01-03T16:22:39","guid":{"rendered":"https:\/\/yogashalasxm.fr\/?p=628"},"modified":"2026-01-03T17:22:40","modified_gmt":"2026-01-03T16:22:40","slug":"temps-de-partage-du-17-decembre-2025","status":"publish","type":"post","link":"https:\/\/yogashalasxm.fr\/?p=628","title":{"rendered":"Temps de partage du 17 D\u00e9cembre 2025"},"content":{"rendered":"\n<p>Une des missions de Yogashala S&amp;M est d\u2019organiser des rencontres pour encourager la pratique du yoga au-del\u00e0 des postures, et tout particuli\u00e8rement la m\u00e9ditation. Le mercredi 17 d\u00e9cembre, une dizaine d\u2019adh\u00e9rents a particip\u00e9 \u00e0 notre nouveau temps de partage.<\/p>\n\n\n\n<p>Apr\u00e8s un temps de m\u00e9ditation collective, un premier \u00e9change a permis aux d\u00e9butants d\u2019exprimer leurs ressentis et leurs difficult\u00e9s. En effet, la m\u00e9ditation est loin d&rsquo;\u00eatre facile dans les premiers temps&nbsp;: le mental, qui redoute le vide, a tendance \u00e0 s\u2019agiter. Les pratiquants plus exp\u00e9riment\u00e9s ont partag\u00e9 leur v\u00e9cu afin d\u2019aider les novices \u00e0 se d\u00e9faire du sentiment d\u2019\u00e9chec. M\u00eame lorsque les progr\u00e8s semblent lents, ils sont r\u00e9els et significatifs. Patience et r\u00e9gularit\u00e9 sont les cl\u00e9s de cet apprentissage.<\/p>\n\n\n\n<p>Dans un esprit calme et disponible, nous avons ensuite \u00e9chang\u00e9 autour d\u2019un th\u00e8me li\u00e9, de pr\u00e8s ou de loin, \u00e0 la philosophie du yoga. Cette fois, la lecture d\u2019un extrait d\u2019un ouvrage a servi de point de d\u00e9part \u00e0 la discussion. Le choix s&rsquo;est port\u00e9 sur \u00ab\u00a0Le Chemin de Vie ou La L\u00e9gende Personnelle\u00a0\u00bb, extrait du livre <em>Dis-moi o\u00f9 tu as mal, je te dirai pourquoi<\/em>, de Michel Odoul, l\u2019un des fondateurs de la th\u00e9orie du d\u00e9codage biologique.<\/p>\n\n\n\n<p>Plusieurs participantes ont r\u00e9agi \u00e0 cet extrait, d&rsquo;abord sur la forme, en soulignant la pertinence des m\u00e9taphores : le chemin, qui symbolise l&rsquo;existence ; la cal\u00e8che, repr\u00e9sentant notre corps physique ; les chevaux, m\u00e9taphore de nos \u00e9motions ; le cocher, figure du Conscient ; et enfin, le passager \u00e0 l&rsquo;int\u00e9rieur, qui symbolise notre subconscient.<\/p>\n\n\n\n<p>Nous avons \u00e9galement interrog\u00e9 le fond du message : en affirmant la responsabilit\u00e9 de chacun dans les \u00e9v\u00e9nements de sa vie, ce texte n&rsquo;est-il pas quelque peu culpabilisant ? Bien que nous soyons invit\u00e9s \u00e0 prendre conscience de notre responsabilit\u00e9 dans la conduite de notre existence, tout n\u2019est pas sous notre contr\u00f4le. En effet, le texte sugg\u00e8re que nous ne pouvons ma\u00eetriser tout ce qui nous arrive, d&rsquo;abord parce que la route de la vie est sem\u00e9e d\u2019emb\u00fbches, mais aussi parce que notre Conscient n&rsquo;est pas omniscient. L&rsquo;humilit\u00e9 est donc essentielle : il nous est impossible d&rsquo;\u00e9liminer les \u00e9preuves, mais si nous les acceptons nous pouvons en tirer des enseignements, et agir sans nous consid\u00e9rer comme des victimes impuissantes. Le texte souligne aussi qu&rsquo;il est important de faire des pauses pour \u00e9couter notre subconscient, ce guide int\u00e9rieur, notre sagesse profonde, sans quoi nous risquons de nous laisser dominer par nos \u00e9motions.<\/p>\n\n\n\n<p>La discussion s\u2019est ensuite orient\u00e9e sur les moyens \u00e0 mettre en \u0153uvre pour se lib\u00e9rer des conditionnements, et plus sp\u00e9cifiquement sur les outils propos\u00e9s par le yoga.<\/p>\n\n\n\n<p>Enfin, certaines participantes ont not\u00e9 des similitudes entre ce texte et la Bhagavad Gita, un po\u00e8me \u00e9pique hindou qui, peut-\u00eatre, fera l\u2019objet d&rsquo;une future discussion&#8230;<\/p>\n\n\n\n<p>Pour (re)lire le texte : \u00ab\u00a0Le Chemin de Vie ou La L\u00e9gende Personnelle\u00a0\u00bb : <a href=\"https:\/\/v-assets.cdnsw.com\/fs\/autres_articles\/aff6e-Le_Chemin_de_vie_ou_la_legende_personnelle.pdf\" target=\"_blank\" rel=\"noreferrer noopener\">https:\/\/v-assets.cdnsw.com\/fs\/autres_articles\/aff6e-Le_Chemin_de_vie_ou_la_legende_personnelle.pdf<\/a><\/p>\n\n\n\n<figure class=\"wp-block-gallery has-nested-images columns-default is-cropped wp-block-gallery-1 is-layout-flex wp-block-gallery-is-layout-flex\">\n<figure class=\"wp-block-image size-large is-style-rounded\"><img loading=\"lazy\" decoding=\"async\" width=\"664\" height=\"1024\" data-id=\"639\" src=\"https:\/\/yogashalasxm.fr\/wp-content\/uploads\/2026\/01\/livre-michel-odoul-17-sept-2025-664x1024.jpg\" alt=\"\" class=\"wp-image-639\" srcset=\"https:\/\/yogashalasxm.fr\/wp-content\/uploads\/2026\/01\/livre-michel-odoul-17-sept-2025-664x1024.jpg 664w, https:\/\/yogashalasxm.fr\/wp-content\/uploads\/2026\/01\/livre-michel-odoul-17-sept-2025-195x300.jpg 195w, https:\/\/yogashalasxm.fr\/wp-content\/uploads\/2026\/01\/livre-michel-odoul-17-sept-2025-768x1184.jpg 768w, https:\/\/yogashalasxm.fr\/wp-content\/uploads\/2026\/01\/livre-michel-odoul-17-sept-2025.jpg 973w\" sizes=\"auto, (max-width: 664px) 100vw, 664px\" \/><\/figure>\n<\/figure>\n","protected":false},"excerpt":{"rendered":"<p>Une des missions de Yogashala S&amp;M est d\u2019organiser des rencontres pour encourager la pratique du yoga au-del\u00e0 des postures, et tout particuli\u00e8rement la m\u00e9ditation. Le mercredi 17 d\u00e9cembre, une dizaine d\u2019adh\u00e9rents a particip\u00e9 \u00e0 notre nouveau temps de partage.&hellip;<\/p>\n<p> <a class=\"more-link\" href=\"https:\/\/yogashalasxm.fr\/?p=628\">Lire la suite<\/a><\/p>\n","protected":false},"author":1,"featured_media":0,"comment_status":"closed","ping_status":"closed","sticky":false,"template":"","format":"standard","meta":{"footnotes":""},"categories":[6,7,37,10],"tags":[],"class_list":{"0":"post-628","1":"post","2":"type-post","3":"status-publish","4":"format-standard","6":"category-activite-collective","7":"category-activite-de-service","8":"category-meditation","9":"category-partage-dexperience"},"_links":{"self":[{"href":"https:\/\/yogashalasxm.fr\/index.php?rest_route=\/wp\/v2\/posts\/628","targetHints":{"allow":["GET"]}}],"collection":[{"href":"https:\/\/yogashalasxm.fr\/index.php?rest_route=\/wp\/v2\/posts"}],"about":[{"href":"https:\/\/yogashalasxm.fr\/index.php?rest_route=\/wp\/v2\/types\/post"}],"author":[{"embeddable":true,"href":"https:\/\/yogashalasxm.fr\/index.php?rest_route=\/wp\/v2\/users\/1"}],"replies":[{"embeddable":true,"href":"https:\/\/yogashalasxm.fr\/index.php?rest_route=%2Fwp%2Fv2%2Fcomments&post=628"}],"version-history":[{"count":7,"href":"https:\/\/yogashalasxm.fr\/index.php?rest_route=\/wp\/v2\/posts\/628\/revisions"}],"predecessor-version":[{"id":645,"href":"https:\/\/yogashalasxm.fr\/index.php?rest_route=\/wp\/v2\/posts\/628\/revisions\/645"}],"wp:attachment":[{"href":"https:\/\/yogashalasxm.fr\/index.php?rest_route=%2Fwp%2Fv2%2Fmedia&parent=628"}],"wp:term":[{"taxonomy":"category","embeddable":true,"href":"https:\/\/yogashalasxm.fr\/index.php?rest_route=%2Fwp%2Fv2%2Fcategories&post=628"},{"taxonomy":"post_tag","embeddable":true,"href":"https:\/\/yogashalasxm.fr\/index.php?rest_route=%2Fwp%2Fv2%2Ftags&post=628"}],"curies":[{"name":"wp","href":"https:\/\/api.w.org\/{rel}","templated":true}]}}