{"id":680,"date":"2026-02-16T11:00:58","date_gmt":"2026-02-16T10:00:58","guid":{"rendered":"https:\/\/yogashalasxm.fr\/?p=680"},"modified":"2026-02-16T11:07:14","modified_gmt":"2026-02-16T10:07:14","slug":"retour-sur-la-seance-de-sonotherapie-du-12-fevrier-2026","status":"publish","type":"post","link":"https:\/\/yogashalasxm.fr\/?p=680","title":{"rendered":"Retour sur la s\u00e9ance de sonoth\u00e9rapie du 12 f\u00e9vrier 2026"},"content":{"rendered":"\n<p>Le jeudi 12 F\u00e9vrier, les adh\u00e9rents de Yogashala ont pu vivre un magnifique moment de d\u00e9tente sonore guid\u00e9 par la sonoth\u00e9rapeute Alia, invit\u00e9e par Yogatime.  Vibrations apaisantes, l\u00e2cher-prise, douceur et bienveillance \u00e9taient au rendez-vous\u2026 \ud83d\udcab<br><br>Un grand merci \u00e0 Ingrid pour l\u2019organisation de ce bel \u00e9v\u00e9nement \ud83e\udd0d<br>Et merci \u00e0 tous les participants pour cette belle \u00e9nergie partag\u00e9e !\u2728<\/p>\n\n\n\n<p>\ud83d\udcf8 D\u00e9couvrez en images et en t\u00e9moignages ce merveilleux instant de bien-\u00eatre !<\/p>\n\n\n\n<p><em>\u00ab\u00a0Merci \u00e0 Ingrid de nous avoir permis cette belle rencontre avec Alia et sa grande sensibilit\u00e9, humble et joyeuse. Quel voyage dans nos ressentis et nos \u00e9motions ! Je garde cette chaleur r\u00e9confortante au fond de mon coeur, comme une petite flamme \u00e0 raviver d\u00e8s que besoin. Merci Alia, merci Ingrid.\u00a0\u00bb <\/em>Isabelle.<\/p>\n\n\n\n<p><em>\u00ab\u00a0Merci Ingrid pour l&rsquo;organisation de ce bel atelier. J&rsquo;ai particuli\u00e8rement appr\u00e9ci\u00e9 ce voyage musical qui m&rsquo;a procur\u00e9 une grande d\u00e9tente. C&rsquo;\u00e9tait tr\u00e8s surprenant de sentir les effets du son sur le corps. J&rsquo;ai pu vraiment ressentir l\u00e0 o\u00f9 le son agissait et percevoir nettement la d\u00e9tente s&rsquo;installer, particulierement dans toute la zone du coeur. Une belle exp\u00e9rience accompagn\u00e9e brillamment par Alia et son violon \u00e9cossais.\u00a0\u00bb <\/em>Nathalie. <\/p>\n\n\n\n<p><em>\u00ab\u00a0Merci du fond du coeur pour ce moment magique qui r\u00e9sonne encore en moi !\u00a0\u00bb <\/em>Patrice.<\/p>\n\n\n\n<p><em>\u00ab\u00a0Un moment suspendu . Une exp\u00e9rience inoubliable de ressenti et de spiritualit\u00e9. Merci \u00e0 tous ceux avec qui j&rsquo;ai partag\u00e9 cette \u00e9nergie !\u00a0\u00bb <\/em>Christine. <\/p>\n\n\n\n<figure class=\"wp-block-gallery has-nested-images columns-default is-cropped wp-block-gallery-1 is-layout-flex wp-block-gallery-is-layout-flex\">\n<figure class=\"wp-block-image size-large\"><img loading=\"lazy\" decoding=\"async\" width=\"768\" height=\"1024\" data-id=\"677\" src=\"https:\/\/yogashalasxm.fr\/wp-content\/uploads\/2026\/02\/1000023231-768x1024.jpg\" alt=\"\" class=\"wp-image-677\" srcset=\"https:\/\/yogashalasxm.fr\/wp-content\/uploads\/2026\/02\/1000023231-768x1024.jpg 768w, https:\/\/yogashalasxm.fr\/wp-content\/uploads\/2026\/02\/1000023231-225x300.jpg 225w, https:\/\/yogashalasxm.fr\/wp-content\/uploads\/2026\/02\/1000023231-1152x1536.jpg 1152w, https:\/\/yogashalasxm.fr\/wp-content\/uploads\/2026\/02\/1000023231.jpg 1536w\" sizes=\"auto, (max-width: 768px) 100vw, 768px\" \/><\/figure>\n\n\n\n<figure class=\"wp-block-image size-large\"><img loading=\"lazy\" decoding=\"async\" width=\"768\" height=\"1024\" data-id=\"675\" src=\"https:\/\/yogashalasxm.fr\/wp-content\/uploads\/2026\/02\/1000023234-768x1024.jpg\" alt=\"\" class=\"wp-image-675\" srcset=\"https:\/\/yogashalasxm.fr\/wp-content\/uploads\/2026\/02\/1000023234-768x1024.jpg 768w, https:\/\/yogashalasxm.fr\/wp-content\/uploads\/2026\/02\/1000023234-225x300.jpg 225w, https:\/\/yogashalasxm.fr\/wp-content\/uploads\/2026\/02\/1000023234-1152x1536.jpg 1152w, https:\/\/yogashalasxm.fr\/wp-content\/uploads\/2026\/02\/1000023234.jpg 1536w\" sizes=\"auto, (max-width: 768px) 100vw, 768px\" \/><\/figure>\n\n\n\n<figure class=\"wp-block-image size-large\"><img loading=\"lazy\" decoding=\"async\" width=\"768\" height=\"1024\" data-id=\"672\" src=\"https:\/\/yogashalasxm.fr\/wp-content\/uploads\/2026\/02\/IMG-20260214-WA0005-768x1024.jpg\" alt=\"\" class=\"wp-image-672\" srcset=\"https:\/\/yogashalasxm.fr\/wp-content\/uploads\/2026\/02\/IMG-20260214-WA0005-768x1024.jpg 768w, https:\/\/yogashalasxm.fr\/wp-content\/uploads\/2026\/02\/IMG-20260214-WA0005-225x300.jpg 225w, https:\/\/yogashalasxm.fr\/wp-content\/uploads\/2026\/02\/IMG-20260214-WA0005-1152x1536.jpg 1152w, https:\/\/yogashalasxm.fr\/wp-content\/uploads\/2026\/02\/IMG-20260214-WA0005.jpg 1536w\" sizes=\"auto, (max-width: 768px) 100vw, 768px\" \/><\/figure>\n\n\n\n<figure class=\"wp-block-image size-large\"><img loading=\"lazy\" decoding=\"async\" width=\"1024\" height=\"768\" data-id=\"678\" src=\"https:\/\/yogashalasxm.fr\/wp-content\/uploads\/2026\/02\/IMG-20260214-WA0004-1024x768.jpg\" alt=\"\" class=\"wp-image-678\" srcset=\"https:\/\/yogashalasxm.fr\/wp-content\/uploads\/2026\/02\/IMG-20260214-WA0004-1024x768.jpg 1024w, https:\/\/yogashalasxm.fr\/wp-content\/uploads\/2026\/02\/IMG-20260214-WA0004-300x225.jpg 300w, https:\/\/yogashalasxm.fr\/wp-content\/uploads\/2026\/02\/IMG-20260214-WA0004-768x576.jpg 768w, https:\/\/yogashalasxm.fr\/wp-content\/uploads\/2026\/02\/IMG-20260214-WA0004-1536x1152.jpg 1536w, https:\/\/yogashalasxm.fr\/wp-content\/uploads\/2026\/02\/IMG-20260214-WA0004.jpg 2048w\" sizes=\"auto, (max-width: 1024px) 100vw, 1024px\" \/><\/figure>\n<\/figure>\n\n\n\n<figure class=\"wp-block-video\"><video height=\"480\" style=\"aspect-ratio: 848 \/ 480;\" width=\"848\" controls src=\"https:\/\/yogashalasxm.fr\/wp-content\/uploads\/2026\/02\/VID-20260214-WA0008.mp4\"><\/video><\/figure>\n","protected":false},"excerpt":{"rendered":"<p>Le jeudi 12 F\u00e9vrier, les adh\u00e9rents de Yogashala ont pu vivre un magnifique moment de d\u00e9tente sonore guid\u00e9 par la sonoth\u00e9rapeute Alia, invit\u00e9e par Yogatime. Vibrations apaisantes, l\u00e2cher-prise, douceur et bienveillance \u00e9taient au rendez-vous\u2026 \ud83d\udcab Un grand merci \u00e0&hellip;<\/p>\n<p> <a class=\"more-link\" href=\"https:\/\/yogashalasxm.fr\/?p=680\">Lire la suite<\/a><\/p>\n","protected":false},"author":1,"featured_media":0,"comment_status":"closed","ping_status":"closed","sticky":false,"template":"","format":"standard","meta":{"footnotes":""},"categories":[6,9],"tags":[],"class_list":{"0":"post-680","1":"post","2":"type-post","3":"status-publish","4":"format-standard","6":"category-activite-collective","7":"category-atelier"},"_links":{"self":[{"href":"https:\/\/yogashalasxm.fr\/index.php?rest_route=\/wp\/v2\/posts\/680","targetHints":{"allow":["GET"]}}],"collection":[{"href":"https:\/\/yogashalasxm.fr\/index.php?rest_route=\/wp\/v2\/posts"}],"about":[{"href":"https:\/\/yogashalasxm.fr\/index.php?rest_route=\/wp\/v2\/types\/post"}],"author":[{"embeddable":true,"href":"https:\/\/yogashalasxm.fr\/index.php?rest_route=\/wp\/v2\/users\/1"}],"replies":[{"embeddable":true,"href":"https:\/\/yogashalasxm.fr\/index.php?rest_route=%2Fwp%2Fv2%2Fcomments&post=680"}],"version-history":[{"count":8,"href":"https:\/\/yogashalasxm.fr\/index.php?rest_route=\/wp\/v2\/posts\/680\/revisions"}],"predecessor-version":[{"id":689,"href":"https:\/\/yogashalasxm.fr\/index.php?rest_route=\/wp\/v2\/posts\/680\/revisions\/689"}],"wp:attachment":[{"href":"https:\/\/yogashalasxm.fr\/index.php?rest_route=%2Fwp%2Fv2%2Fmedia&parent=680"}],"wp:term":[{"taxonomy":"category","embeddable":true,"href":"https:\/\/yogashalasxm.fr\/index.php?rest_route=%2Fwp%2Fv2%2Fcategories&post=680"},{"taxonomy":"post_tag","embeddable":true,"href":"https:\/\/yogashalasxm.fr\/index.php?rest_route=%2Fwp%2Fv2%2Ftags&post=680"}],"curies":[{"name":"wp","href":"https:\/\/api.w.org\/{rel}","templated":true}]}}